{"id":1223,"date":"2024-05-22T12:20:39","date_gmt":"2024-05-22T10:20:39","guid":{"rendered":"https:\/\/www.eurodata-retailsolutions.com\/?p=1223"},"modified":"2024-05-22T12:20:39","modified_gmt":"2024-05-22T10:20:39","slug":"unitiexpo-eurodata-le-turbo-pour-les-stations-service-nouvelle-generation","status":"publish","type":"post","link":"https:\/\/www.eurodata-retailsolutions.com\/fr\/unitiexpo-eurodata-le-turbo-pour-les-stations-service-nouvelle-generation\/","title":{"rendered":"UNITIexpo : eurodata \u2013 le Turbo pour les stations-service nouvelle g\u00e9n\u00e9ration"},"content":{"rendered":"<p>Comme les ann\u00e9es pr\u00e9c\u00e9dentes, le groupe Eurodata \u00e9tait pr\u00e9sent au salon <strong>UNITIexpo<\/strong> avec un large portefeuille de solutions pour le secteur des stations-service. L&#8217;accent a \u00e9t\u00e9 mis, entre autres, sur l&#8217;expansion d&#8217;Eurodata France sur le march\u00e9 africain, o\u00f9 Eurodata est d\u00e9j\u00e0 fortement pr\u00e9sent, ainsi que sur les activit\u00e9s d&#8217;Eurodata Autriche en R\u00e9publique tch\u00e8que. La nouvelle planification commerciale dans edtas ainsi que la gestion des t\u00e2ches edtime ont \u00e9galement attir\u00e9 de nombreux visiteurs sur le stand. Rien d&#8217;\u00e9tonnant \u00e0 cela, puisque ces deux nouveaut\u00e9s facilitent consid\u00e9rablement le travail quotidien. Ainsi, ce nouvel outil de planification pour les soci\u00e9t\u00e9s p\u00e9troli\u00e8res et les stations-service optimise le processus de planification commerciale. La gestion moderne des t\u00e2ches gr\u00e2ce aux nouvelles fonctions de gestion et d\u2019organisation d\u2019edtime all\u00e8ge les t\u00e2ches quotidiennes. Au cours des nombreuses d\u00e9monstrations et des discussions personnelles, eurodata a montr\u00e9 quels avantages concrets pouvaient \u00eatre obtenus gr\u00e2ce \u00e0 l&#8217;utilisation des nouvelles fonctionnalit\u00e9s. En outre, les visiteurs du salon ont \u00e9t\u00e9 int\u00e9ress\u00e9s par la conf\u00e9rence d&#8217;eurodata anim\u00e9 par Monsieur Zeljko Katavic\u00a0sur le th\u00e8me de l&#8217;effet turbo\u00a0: la gestion moderne des t\u00e2ches administratives dans la num\u00e9risation des activit\u00e9s des stations-service.<\/p>\n","protected":false},"excerpt":{"rendered":"<p>La nouvelle planification commerciale dans edtas et la gestion des t\u00e2ches d&#8217;edtime suscitent un grand int\u00e9r\u00eat<\/p>\n","protected":false},"author":8,"featured_media":1218,"comment_status":"open","ping_status":"open","sticky":false,"template":"","format":"standard","meta":{"footnotes":""},"categories":[28],"tags":[],"class_list":["post-1223","post","type-post","status-publish","format-standard","has-post-thumbnail","hentry","category-news-events-fr"],"_links":{"self":[{"href":"https:\/\/www.eurodata-retailsolutions.com\/fr\/wp-json\/wp\/v2\/posts\/1223","targetHints":{"allow":["GET"]}}],"collection":[{"href":"https:\/\/www.eurodata-retailsolutions.com\/fr\/wp-json\/wp\/v2\/posts"}],"about":[{"href":"https:\/\/www.eurodata-retailsolutions.com\/fr\/wp-json\/wp\/v2\/types\/post"}],"author":[{"embeddable":true,"href":"https:\/\/www.eurodata-retailsolutions.com\/fr\/wp-json\/wp\/v2\/users\/8"}],"replies":[{"embeddable":true,"href":"https:\/\/www.eurodata-retailsolutions.com\/fr\/wp-json\/wp\/v2\/comments?post=1223"}],"version-history":[{"count":3,"href":"https:\/\/www.eurodata-retailsolutions.com\/fr\/wp-json\/wp\/v2\/posts\/1223\/revisions"}],"predecessor-version":[{"id":1230,"href":"https:\/\/www.eurodata-retailsolutions.com\/fr\/wp-json\/wp\/v2\/posts\/1223\/revisions\/1230"}],"wp:featuredmedia":[{"embeddable":true,"href":"https:\/\/www.eurodata-retailsolutions.com\/fr\/wp-json\/wp\/v2\/media\/1218"}],"wp:attachment":[{"href":"https:\/\/www.eurodata-retailsolutions.com\/fr\/wp-json\/wp\/v2\/media?parent=1223"}],"wp:term":[{"taxonomy":"category","embeddable":true,"href":"https:\/\/www.eurodata-retailsolutions.com\/fr\/wp-json\/wp\/v2\/categories?post=1223"},{"taxonomy":"post_tag","embeddable":true,"href":"https:\/\/www.eurodata-retailsolutions.com\/fr\/wp-json\/wp\/v2\/tags?post=1223"}],"curies":[{"name":"wp","href":"https:\/\/api.w.org\/{rel}","templated":true}]}}